{"id":2785,"date":"2026-09-01T10:30:11","date_gmt":"2026-09-01T08:30:11","guid":{"rendered":"https:\/\/www.blausasc.fr\/?p=2785"},"modified":"2026-09-01T10:39:39","modified_gmt":"2026-09-01T08:39:39","slug":"fte-de-la-nativit-mardi-8-septembre-2026","status":"publish","type":"post","link":"https:\/\/www.blausasc.fr\/index.php\/2026\/09\/01\/fte-de-la-nativit-mardi-8-septembre-2026\/","title":{"rendered":"F\u00eate de la nativit\u00e9 &#8211; Mardi 8 Septembre 2026"},"content":{"rendered":"\n<p class=\"wp-block-paragraph\"><\/p>\n\n\n\n<figure class=\"wp-block-image size-large\"><img loading=\"lazy\" decoding=\"async\" width=\"1024\" height=\"576\" src=\"https:\/\/www.blausasc.fr\/wp-content\/uploads\/2026\/09\/Fete-de-la-Nativite-1024x576.jpg\" alt=\"Mardi 8 septembre 2026 \n\u00e0 9h30 Procession au d\u00e9part de l'\u00e9glise\n\u00e0 10h30 Messe \u00e0 la Chapelle Notre dame du terron\n\u00e0 11h30 Hommage \u00e0 Christine et Fran\u00e7ois lautier\n\u00e0 12h00 Ap\u00e9ritif d'honneur suivi du repas champ\u00eatre \nInscription au 04 93 79 51 04  \n\" class=\"wp-image-2784\" srcset=\"https:\/\/www.blausasc.fr\/wp-content\/uploads\/2026\/09\/Fete-de-la-Nativite-980x551.jpg 980w, https:\/\/www.blausasc.fr\/wp-content\/uploads\/2026\/09\/Fete-de-la-Nativite-480x270.jpg 480w\" sizes=\"(min-width: 0px) and (max-width: 480px) 480px, (min-width: 481px) and (max-width: 980px) 980px, (min-width: 981px) 1024px, 100vw\" \/><\/figure>\n\n\n\n<p class=\"wp-block-paragraph\"><\/p>\n\n\n\n<p class=\"wp-block-paragraph\"><\/p>\n\n\n\n<p class=\"wp-block-paragraph\"><\/p>\n\n\n\n<p class=\"wp-block-paragraph\"><\/p>\n","protected":false},"excerpt":{"rendered":"","protected":false},"author":5,"featured_media":2784,"comment_status":"closed","ping_status":"open","sticky":false,"template":"","format":"standard","meta":{"footnotes":""},"categories":[59,46],"tags":[48],"class_list":["post-2785","post","type-post","status-publish","format-standard","has-post-thumbnail","hentry","category-59","category-a-la-une","tag-festivites"],"_links":{"self":[{"href":"https:\/\/www.blausasc.fr\/index.php\/wp-json\/wp\/v2\/posts\/2785","targetHints":{"allow":["GET"]}}],"collection":[{"href":"https:\/\/www.blausasc.fr\/index.php\/wp-json\/wp\/v2\/posts"}],"about":[{"href":"https:\/\/www.blausasc.fr\/index.php\/wp-json\/wp\/v2\/types\/post"}],"author":[{"embeddable":true,"href":"https:\/\/www.blausasc.fr\/index.php\/wp-json\/wp\/v2\/users\/5"}],"replies":[{"embeddable":true,"href":"https:\/\/www.blausasc.fr\/index.php\/wp-json\/wp\/v2\/comments?post=2785"}],"version-history":[{"count":1,"href":"https:\/\/www.blausasc.fr\/index.php\/wp-json\/wp\/v2\/posts\/2785\/revisions"}],"predecessor-version":[{"id":2786,"href":"https:\/\/www.blausasc.fr\/index.php\/wp-json\/wp\/v2\/posts\/2785\/revisions\/2786"}],"wp:featuredmedia":[{"embeddable":true,"href":"https:\/\/www.blausasc.fr\/index.php\/wp-json\/wp\/v2\/media\/2784"}],"wp:attachment":[{"href":"https:\/\/www.blausasc.fr\/index.php\/wp-json\/wp\/v2\/media?parent=2785"}],"wp:term":[{"taxonomy":"category","embeddable":true,"href":"https:\/\/www.blausasc.fr\/index.php\/wp-json\/wp\/v2\/categories?post=2785"},{"taxonomy":"post_tag","embeddable":true,"href":"https:\/\/www.blausasc.fr\/index.php\/wp-json\/wp\/v2\/tags?post=2785"}],"curies":[{"name":"wp","href":"https:\/\/api.w.org\/{rel}","templated":true}]}}